{"id":692,"global_id":"www.festivals.be\/festivals-belgique?id=692","global_id_lineage":["www.festivals.be\/festivals-belgique?id=692"],"author":"1","status":"publish","date":"2019-10-09 16:18:03","date_utc":"2019-10-09 14:18:03","modified":"2019-10-09 16:18:03","modified_utc":"2019-10-09 14:18:03","url":"https:\/\/www.festivals.be\/festivals-belgique\/event\/les-nuits-botanique-2020\/","rest_url":"https:\/\/www.festivals.be\/festivals-belgique\/wp-json\/tribe\/events\/v1\/events\/692","title":"Les Nuits Botanique 2020","description":"<h2>Programme des Nuits du Botanique 2020<\/h2>\n<figure id=\"attachment_693\" aria-describedby=\"caption-attachment-693\" style=\"width: 300px\" class=\"wp-caption alignleft\"><img data-recalc-dims=\"1\" loading=\"lazy\" decoding=\"async\" class=\"wp-image-693 size-medium\" src=\"https:\/\/i0.wp.com\/www.festivals.be\/festivals-belgique\/wp-content\/uploads\/2019\/10\/605fa943-fa7e-409e-93a7-5c9f9531d624.jpg?resize=300%2C300&#038;ssl=1\" alt=\"Nuits Botanique 2020\" width=\"300\" height=\"300\" srcset=\"https:\/\/i0.wp.com\/www.festivals.be\/festivals-belgique\/wp-content\/uploads\/2019\/10\/605fa943-fa7e-409e-93a7-5c9f9531d624.jpg?resize=300%2C300&amp;ssl=1 300w, https:\/\/i0.wp.com\/www.festivals.be\/festivals-belgique\/wp-content\/uploads\/2019\/10\/605fa943-fa7e-409e-93a7-5c9f9531d624.jpg?resize=150%2C150&amp;ssl=1 150w, https:\/\/i0.wp.com\/www.festivals.be\/festivals-belgique\/wp-content\/uploads\/2019\/10\/605fa943-fa7e-409e-93a7-5c9f9531d624.jpg?resize=768%2C768&amp;ssl=1 768w, https:\/\/i0.wp.com\/www.festivals.be\/festivals-belgique\/wp-content\/uploads\/2019\/10\/605fa943-fa7e-409e-93a7-5c9f9531d624.jpg?resize=1024%2C1024&amp;ssl=1 1024w, https:\/\/i0.wp.com\/www.festivals.be\/festivals-belgique\/wp-content\/uploads\/2019\/10\/605fa943-fa7e-409e-93a7-5c9f9531d624.jpg?w=1200&amp;ssl=1 1200w, https:\/\/i0.wp.com\/www.festivals.be\/festivals-belgique\/wp-content\/uploads\/2019\/10\/605fa943-fa7e-409e-93a7-5c9f9531d624.jpg?resize=50%2C50&amp;ssl=1 50w, https:\/\/i0.wp.com\/www.festivals.be\/festivals-belgique\/wp-content\/uploads\/2019\/10\/605fa943-fa7e-409e-93a7-5c9f9531d624.jpg?resize=500%2C500&amp;ssl=1 500w\" sizes=\"auto, (max-width: 300px) 85vw, 300px\" \/><figcaption id=\"caption-attachment-693\" class=\"wp-caption-text\">Nuits Botanique 2020<\/figcaption><\/figure>\n<p>Cette ann\u00e9e encore, pour sa 27\u00e8me \u00e9dition, les <strong>Nuits Botanique<\/strong> marqueront le top d\u00e9part de la saison des grands <strong>festivals<\/strong>. Comme d&rsquo;habitude, une foule m\u00e9lang\u00e9e de grands nom et de jeunes pousses se succ\u00e8deront avec l&rsquo;arriv\u00e9e des beaux jours sur notre capitale.<\/p>\n<p><!--more--><strong>Caribou<\/strong>, <strong>Pomme <\/strong>et <strong>Mayra Andrade<\/strong> en t\u00eates d&rsquo;affiche : les Nuits Botanique 2020 d\u00e9marrent en force !<\/p>\n<p>Les projets locaux sont \u00e9galement mis \u00e0 l\u2019honneur. On y retrouve notamment le groupe de rock ind\u00e9pendant de Boris Gronemberg, <strong>River Into Lake<\/strong> qui revisitera son r\u00e9pertoire, accompagn\u00e9 d\u2019un quatuor \u00e0 cordes. Mais aussi des artistes comme <strong>Glauque<\/strong>,<strong>\u00a0<\/strong><strong>cabane<\/strong> qui pr\u00e9sente son album \u00ab grande est la maison \u00bb, le duo\u00a0<strong>Glass Museum<\/strong>\u00a0qui revisite le couple piano\/batterie, sans oublier l\u2019un des musiciens les plus passionnants du r\u00e9pertoire pour clavier contemporain, <strong>Stephane Ginsburgh<\/strong> qui nous interpr\u00e9tera les 6 derni\u00e8res sonates de Beethoven.<\/p>\n<p>Les Nuits garantissent toujours beaucoup de d\u00e9couvertes et ce sera encore le cas cette ann\u00e9e ! On commence avec <strong>Jonathan Bree<\/strong>\u00a0r\u00e9v\u00e9lation de SXSW, le groupe de hip-hop cor\u00e9en <strong>Balming Tiger<\/strong> et son \u00e9nergie sc\u00e9nique sans pareille, la violoncelliste <strong>CTM <\/strong>qui envo\u00fbtera le Grand Salon et la multi-instrumentiste folk\u00a0<strong>Rachael Dadd<\/strong>.<\/p>\n<p>Enfin, une des artistes les plus impressionnantes de nos chers voisins fran\u00e7ais, <strong>Alo\u00efse Sauvage<\/strong> viendra pr\u00e9senter son premier album pour une premi\u00e8re belge dans notre Orangerie ! Sans oublier celui qu\u2019on annonce comme le nouvel Eddy De Pretto, <strong>Herv\u00e9<\/strong> et les rockeurs du<strong>\u00a0Villejuif Underground <\/strong>qui sera accompagn\u00e9 de\u00a0<strong>Bryan\u2019s Magic Tears<\/strong>.<\/p>","excerpt":"","slug":"les-nuits-botanique-2020","image":false,"all_day":true,"start_date":"2020-04-29 00:00:00","start_date_details":{"year":"2020","month":"04","day":"29","hour":"00","minutes":"00","seconds":"00"},"end_date":"2020-05-10 23:59:59","end_date_details":{"year":"2020","month":"05","day":"10","hour":"23","minutes":"59","seconds":"59"},"utc_start_date":"2020-04-28 22:00:00","utc_start_date_details":{"year":"2020","month":"04","day":"28","hour":"22","minutes":"00","seconds":"00"},"utc_end_date":"2020-05-10 21:59:59","utc_end_date_details":{"year":"2020","month":"05","day":"10","hour":"21","minutes":"59","seconds":"59"},"timezone":"Europe\/Brussels","timezone_abbr":"CEST","cost":"","cost_details":{"currency_symbol":"","currency_code":"","currency_position":"suffix","values":[]},"website":"http:\/\/www.botanique.be","show_map":true,"show_map_link":true,"hide_from_listings":false,"sticky":false,"featured":false,"categories":[{"name":"Musique","slug":"musique","term_group":0,"term_taxonomy_id":7,"taxonomy":"tribe_events_cat","description":"Festivals de musique en Belgique. ","parent":0,"count":37,"filter":"raw","id":7,"urls":{"self":"https:\/\/www.festivals.be\/festivals-belgique\/wp-json\/tribe\/events\/v1\/categories\/7","collection":"https:\/\/www.festivals.be\/festivals-belgique\/wp-json\/tribe\/events\/v1\/categories"}}],"tags":[{"name":"Botanique","slug":"botanique","term_group":0,"term_taxonomy_id":86,"taxonomy":"post_tag","description":"","parent":0,"count":2,"filter":"raw","id":86,"urls":{"self":"https:\/\/www.festivals.be\/festivals-belgique\/wp-json\/tribe\/events\/v1\/tags\/86","collection":"https:\/\/www.festivals.be\/festivals-belgique\/wp-json\/tribe\/events\/v1\/tags"}},{"name":"Bruxelles","slug":"bruxelles","term_group":0,"term_taxonomy_id":38,"taxonomy":"post_tag","description":"","parent":0,"count":16,"filter":"raw","id":38,"urls":{"self":"https:\/\/www.festivals.be\/festivals-belgique\/wp-json\/tribe\/events\/v1\/tags\/38","collection":"https:\/\/www.festivals.be\/festivals-belgique\/wp-json\/tribe\/events\/v1\/tags"}},{"name":"Chanson fran\u00e7aise","slug":"chanson-francaise","term_group":0,"term_taxonomy_id":48,"taxonomy":"post_tag","description":"","parent":0,"count":2,"filter":"raw","id":48,"urls":{"self":"https:\/\/www.festivals.be\/festivals-belgique\/wp-json\/tribe\/events\/v1\/tags\/48","collection":"https:\/\/www.festivals.be\/festivals-belgique\/wp-json\/tribe\/events\/v1\/tags"}},{"name":"Electro","slug":"electro","term_group":0,"term_taxonomy_id":36,"taxonomy":"post_tag","description":"","parent":0,"count":9,"filter":"raw","id":36,"urls":{"self":"https:\/\/www.festivals.be\/festivals-belgique\/wp-json\/tribe\/events\/v1\/tags\/36","collection":"https:\/\/www.festivals.be\/festivals-belgique\/wp-json\/tribe\/events\/v1\/tags"}},{"name":"Folk","slug":"folk","term_group":0,"term_taxonomy_id":35,"taxonomy":"post_tag","description":"","parent":0,"count":2,"filter":"raw","id":35,"urls":{"self":"https:\/\/www.festivals.be\/festivals-belgique\/wp-json\/tribe\/events\/v1\/tags\/35","collection":"https:\/\/www.festivals.be\/festivals-belgique\/wp-json\/tribe\/events\/v1\/tags"}},{"name":"Musique du monde","slug":"musique-du-monde","term_group":0,"term_taxonomy_id":24,"taxonomy":"post_tag","description":"","parent":0,"count":4,"filter":"raw","id":24,"urls":{"self":"https:\/\/www.festivals.be\/festivals-belgique\/wp-json\/tribe\/events\/v1\/tags\/24","collection":"https:\/\/www.festivals.be\/festivals-belgique\/wp-json\/tribe\/events\/v1\/tags"}},{"name":"Rock","slug":"rock","term_group":0,"term_taxonomy_id":79,"taxonomy":"post_tag","description":"","parent":0,"count":5,"filter":"raw","id":79,"urls":{"self":"https:\/\/www.festivals.be\/festivals-belgique\/wp-json\/tribe\/events\/v1\/tags\/79","collection":"https:\/\/www.festivals.be\/festivals-belgique\/wp-json\/tribe\/events\/v1\/tags"}}],"venue":{"id":645,"author":"1","status":"publish","date":"2019-09-03 16:18:04","date_utc":"2019-09-03 14:18:04","modified":"2019-09-03 16:18:04","modified_utc":"2019-09-03 14:18:04","url":"https:\/\/www.festivals.be\/festivals-belgique\/venue\/botanique\/","venue":"Botanique","slug":"botanique","address":"Rue Royale 236","city":"Bruxelles","country":"Belgium","zip":"1210","website":"https:\/\/www.botanique.be","json_ld":{"@type":"Place","name":"Botanique","description":"","url":"","address":{"@type":"PostalAddress","streetAddress":"Rue Royale 236","addressLocality":"Bruxelles","postalCode":"1210","addressCountry":"Belgium"},"telephone":"","sameAs":"https:\/\/www.botanique.be"},"show_map":true,"show_map_link":true,"global_id":"www.festivals.be\/festivals-belgique?id=645","global_id_lineage":["www.festivals.be\/festivals-belgique?id=645"]},"organizer":[{"id":646,"author":"1","status":"publish","date":"2019-09-03 16:18:04","date_utc":"2019-09-03 14:18:04","modified":"2019-09-03 16:18:04","modified_utc":"2019-09-03 14:18:04","url":"https:\/\/www.festivals.be\/festivals-belgique\/organizer\/botanique\/","organizer":"Botanique","slug":"botanique","website":"https:\/\/www.botanique.be","json_ld":{"@type":"Person","name":"Botanique","description":"","url":"https:\/\/www.botanique.be","telephone":"","email":"","sameAs":"https:\/\/www.botanique.be"},"global_id":"www.festivals.be\/festivals-belgique?id=646","global_id_lineage":["www.festivals.be\/festivals-belgique?id=646"]}],"custom_fields":[],"json_ld":{"@context":"http:\/\/schema.org","@type":"Event","name":"Les Nuits Botanique 2020","description":"&lt;p&gt;Programme des Nuits du Botanique 2020 Nuits Botanique 2020 Cette ann\u00e9e encore, pour sa 27\u00e8me \u00e9dition, les Nuits Botanique marqueront le top d\u00e9part de la saison des grands festivals. Comme &hellip; &lt;a href=&quot;https:\/\/www.festivals.be\/festivals-belgique\/event\/les-nuits-botanique-2020\/&quot; class=&quot;more-link&quot;&gt;Continuer la lecture&lt;span class=&quot;screen-reader-text&quot;&gt; de &laquo;&nbsp;Les Nuits Botanique 2020&nbsp;&raquo;&lt;\/span&gt;&lt;\/a&gt;&lt;\/p&gt;\\n","url":"https:\/\/www.festivals.be\/festivals-belgique\/event\/les-nuits-botanique-2020\/","eventAttendanceMode":"https:\/\/schema.org\/OfflineEventAttendanceMode","eventStatus":"https:\/\/schema.org\/EventScheduled","startDate":"2020-04-29T00:00:00+02:00","endDate":"2020-05-10T23:59:59+02:00","location":{"@type":"Place","name":"Botanique","description":"","url":"","address":{"@type":"PostalAddress","streetAddress":"Rue Royale 236","addressLocality":"Bruxelles","postalCode":"1210","addressCountry":"Belgium"},"telephone":"","sameAs":"https:\/\/www.botanique.be"},"organizer":{"@type":"Person","name":"Botanique","description":"","url":"https:\/\/www.botanique.be","telephone":"","email":"","sameAs":"https:\/\/www.botanique.be"},"performer":"Organization"}}